{"id":8557,"date":"2017-12-05T00:08:38","date_gmt":"2017-12-04T22:08:38","guid":{"rendered":"http:\/\/novalimglutenfree.com\/?p=8557\/"},"modified":"2017-12-05T00:16:21","modified_gmt":"2017-12-04T22:16:21","slug":"stahnete-si-vanocni-bezlepkovou-kucharku","status":"publish","type":"post","link":"https:\/\/www.novalimglutenfree.com\/cs\/stahnete-si-vanocni-bezlepkovou-kucharku\/","title":{"rendered":""},"content":{"rendered":"<section class=\"av_textblock_section \"  itemscope=\"itemscope\" itemtype=\"https:\/\/schema.org\/BlogPosting\" itemprop=\"blogPost\" ><div class='avia_textblock  '   itemprop=\"text\" ><h1 style=\"text-align: center;\">St\u00e1hn\u011bte si V\u00e1no\u010dn\u00ed bezlepkovou kucha\u0159ku!<\/h1>\n<\/div><\/section>\n<div class=\"flex_column av_one_fifth  flex_column_div av-zero-column-padding first  avia-builder-el-1  el_after_av_textblock  el_before_av_three_fifth  column-top-margin\" style='border-radius:0px; '><\/div>\n<div class=\"flex_column av_three_fifth  flex_column_div av-zero-column-padding   avia-builder-el-2  el_after_av_one_fifth  el_before_av_one_fifth  column-top-margin\" style='border-radius:0px; '><\/div><div class=\"flex_column av_one_fifth  flex_column_div av-zero-column-padding   avia-builder-el-4  el_after_av_three_fifth  el_before_av_image  column-top-margin\" style='border-radius:0px; '><\/div><\/p>\n<div  class='avia-image-container  av-styling-    avia-builder-el-5  el_after_av_one_fifth  avia-builder-el-last  avia-align-center '  itemprop=\"image\" itemscope=\"itemscope\" itemtype=\"https:\/\/schema.org\/ImageObject\"  ><div class='avia-image-container-inner'><div class='avia-image-overlay-wrap'><img class='wp-image-8558 avia-img-lazy-loading-not-8558 avia_image' src=\"https:\/\/www.novalimglutenfree.com\/wp-content\/uploads\/2017\/12\/CZ-Recipe.png\" alt='' title='CZ Recipe' height=\"300\" width=\"213\"  itemprop=\"thumbnailUrl\" srcset=\"https:\/\/www.novalimglutenfree.com\/wp-content\/uploads\/2017\/12\/CZ-Recipe.png 606w, https:\/\/www.novalimglutenfree.com\/wp-content\/uploads\/2017\/12\/CZ-Recipe-450x633.png 450w\" sizes=\"(max-width: 213px) 100vw, 213px\" \/><\/div><\/div><\/div>\n","protected":false},"excerpt":{"rendered":"","protected":false},"author":3,"featured_media":0,"comment_status":"closed","ping_status":"closed","sticky":false,"template":"","format":"standard","meta":[],"categories":[29],"tags":[],"yoast_head":"<!-- This site is optimized with the Yoast SEO plugin v15.7 - https:\/\/yoast.com\/wordpress\/plugins\/seo\/ -->\n<title>- Novalim<\/title>\n<meta name=\"description\" content=\"St\u00e1hn\u011bte si V\u00e1no\u010dn\u00ed bezlepkovou kucha\u0159ku\" \/>\n<meta name=\"robots\" content=\"index, follow, max-snippet:-1, max-image-preview:large, max-video-preview:-1\" \/>\n<link rel=\"canonical\" href=\"https:\/\/www.novalimglutenfree.com\/cs\/stahnete-si-vanocni-bezlepkovou-kucharku\/\" \/>\n<meta property=\"og:locale\" content=\"cs_CZ\" \/>\n<meta property=\"og:type\" content=\"article\" \/>\n<meta property=\"og:title\" content=\"St\u00e1hn\u011bte si V\u00e1no\u010dn\u00ed bezlepkovou kucha\u0159ku\" \/>\n<meta property=\"og:description\" content=\"St\u00e1hn\u011bte si V\u00e1no\u010dn\u00ed bezlepkovou kucha\u0159ku\" \/>\n<meta property=\"og:url\" content=\"https:\/\/www.novalimglutenfree.com\/cs\/stahnete-si-vanocni-bezlepkovou-kucharku\/\" \/>\n<meta property=\"og:site_name\" content=\"Novalim\" \/>\n<meta property=\"article:published_time\" content=\"2017-12-04T22:08:38+00:00\" \/>\n<meta property=\"article:modified_time\" content=\"2017-12-04T22:16:21+00:00\" \/>\n<meta property=\"og:image\" content=\"http:\/\/novalimglutenfree.com\/wp-content\/uploads\/2017\/12\/CZ-Recipe.png\" \/>\n<meta name=\"twitter:card\" content=\"summary\" \/>\n<meta name=\"twitter:label1\" content=\"Odhadovan\u00e1 doba \u010dten\u00ed\">\n\t<meta name=\"twitter:data1\" content=\"2 minuty\">\n<script type=\"application\/ld+json\" class=\"yoast-schema-graph\">{\"@context\":\"https:\/\/schema.org\",\"@graph\":[{\"@type\":\"WebSite\",\"@id\":\"https:\/\/www.novalimglutenfree.com\/de\/#website\",\"url\":\"https:\/\/www.novalimglutenfree.com\/de\/\",\"name\":\"Novalim\",\"description\":\"Bezlepkov\\u00e9 potraviny, bezlepkov\\u00e9 recepty, celiakia, PKU\",\"potentialAction\":[{\"@type\":\"SearchAction\",\"target\":\"https:\/\/www.novalimglutenfree.com\/de\/?s={search_term_string}\",\"query-input\":\"required name=search_term_string\"}],\"inLanguage\":\"cs\"},{\"@type\":\"WebPage\",\"@id\":\"https:\/\/www.novalimglutenfree.com\/cs\/stahnete-si-vanocni-bezlepkovou-kucharku\/#webpage\",\"url\":\"https:\/\/www.novalimglutenfree.com\/cs\/stahnete-si-vanocni-bezlepkovou-kucharku\/\",\"name\":\"- Novalim\",\"isPartOf\":{\"@id\":\"https:\/\/www.novalimglutenfree.com\/de\/#website\"},\"datePublished\":\"2017-12-04T22:08:38+00:00\",\"dateModified\":\"2017-12-04T22:16:21+00:00\",\"author\":{\"@id\":\"https:\/\/www.novalimglutenfree.com\/de\/#\/schema\/person\/79da0abe09742de298e8a8f37973b956\"},\"description\":\"St\\u00e1hn\\u011bte si V\\u00e1no\\u010dn\\u00ed bezlepkovou kucha\\u0159ku\",\"inLanguage\":\"cs\",\"potentialAction\":[{\"@type\":\"ReadAction\",\"target\":[\"https:\/\/www.novalimglutenfree.com\/cs\/stahnete-si-vanocni-bezlepkovou-kucharku\/\"]}]},{\"@type\":\"Person\",\"@id\":\"https:\/\/www.novalimglutenfree.com\/de\/#\/schema\/person\/79da0abe09742de298e8a8f37973b956\",\"name\":\"Novalim\"}]}<\/script>\n<!-- \/ Yoast SEO plugin. -->","_links":{"self":[{"href":"https:\/\/www.novalimglutenfree.com\/cs\/wp-json\/wp\/v2\/posts\/8557"}],"collection":[{"href":"https:\/\/www.novalimglutenfree.com\/cs\/wp-json\/wp\/v2\/posts"}],"about":[{"href":"https:\/\/www.novalimglutenfree.com\/cs\/wp-json\/wp\/v2\/types\/post"}],"author":[{"embeddable":true,"href":"https:\/\/www.novalimglutenfree.com\/cs\/wp-json\/wp\/v2\/users\/3"}],"replies":[{"embeddable":true,"href":"https:\/\/www.novalimglutenfree.com\/cs\/wp-json\/wp\/v2\/comments?post=8557"}],"version-history":[{"count":2,"href":"https:\/\/www.novalimglutenfree.com\/cs\/wp-json\/wp\/v2\/posts\/8557\/revisions"}],"predecessor-version":[{"id":8571,"href":"https:\/\/www.novalimglutenfree.com\/cs\/wp-json\/wp\/v2\/posts\/8557\/revisions\/8571"}],"wp:attachment":[{"href":"https:\/\/www.novalimglutenfree.com\/cs\/wp-json\/wp\/v2\/media?parent=8557"}],"wp:term":[{"taxonomy":"category","embeddable":true,"href":"https:\/\/www.novalimglutenfree.com\/cs\/wp-json\/wp\/v2\/categories?post=8557"},{"taxonomy":"post_tag","embeddable":true,"href":"https:\/\/www.novalimglutenfree.com\/cs\/wp-json\/wp\/v2\/tags?post=8557"}],"curies":[{"name":"wp","href":"https:\/\/api.w.org\/{rel}","templated":true}]}}