{"id":7519,"date":"2017-05-16T11:51:35","date_gmt":"2017-05-16T09:51:35","guid":{"rendered":"http:\/\/novalimglutenfree.com\/2978\/"},"modified":"2017-06-07T10:20:27","modified_gmt":"2017-06-07T08:20:27","slug":"2978","status":"publish","type":"post","link":"https:\/\/www.novalimglutenfree.com\/cs\/2978\/","title":{"rendered":"Den celiakie 2017"},"content":{"rendered":"<p>Celiakie je neviditeln\u00e1 nemoc. A proto, \u017ee ji nen\u00ed vid\u011bt, mnoz\u00ed ji za nemoc ani nepova\u017euj\u00ed. Mnoho lid\u00ed vid\u00ed celiakii jako volbu nej\u00edst lepek. Mnoho lid\u00ed si mysl\u00ed, \u017ee to, co nebol\u00ed, nen\u00ed nemoc.<br \/>\nA pr\u00e1v\u011b proto je celiakii v\u011bnov\u00e1n 16.kv\u011btna, kter\u00fd byl prohl\u00e1\u0161en za DEN celiakie. Organizace Beyond celiakie (<a href=\"https:\/\/www.beyondceliac.org\/\">www.beyondceliac.org<\/a>), kter\u00e1 se mimo jin\u00e9 zab\u00fdv\u00e1 \u0161\u00ed\u0159en\u00edm pov\u011bdom\u00ed o t\u00e9to nemoci v\u011bnuje cel\u00fd m\u011bs\u00edc tomto t\u00e9matu s c\u00edlem d\u00e1t v\u0161em v\u011bd\u011bt, \u010d\u00edm si proch\u00e1zej\u00ed celiatici, jak celiakie ovliv\u0148uje jejich \u017eivot, fungov\u00e1n\u00ed ve spole\u010dnosti a stravov\u00e1n\u00ed. My chceme tak\u00e9 p\u0159isp\u011bt na\u0161\u00ed tro\u0161kou do ml\u00fdna. Sd\u00edlen\u00edm t\u00e9to zpr\u00e1vy pom\u016f\u017eete i vy \u0161\u00ed\u0159it pov\u011bdom\u00ed o celiakii.<\/p>\n","protected":false},"excerpt":{"rendered":"<p>Celiakie je neviditeln\u00e1 nemoc. A proto, \u017ee ji nen\u00ed vid\u011bt, mnoz\u00ed ji za nemoc ani nepova\u017euj\u00ed. Mnoho lid\u00ed vid\u00ed celiakii jako volbu nej\u00edst lepek. Mnoho lid\u00ed si mysl\u00ed, \u017ee to, co nebol\u00ed, nen\u00ed nemoc. A pr\u00e1v\u011b proto je celiakii v\u011bnov\u00e1n 16.kv\u011btna, kter\u00fd byl prohl\u00e1\u0161en za DEN celiakie. Organizace Beyond celiakie (www.beyondceliac.org), kter\u00e1 se mimo jin\u00e9 [&hellip;]<\/p>\n","protected":false},"author":3,"featured_media":7520,"comment_status":"closed","ping_status":"closed","sticky":false,"template":"","format":"standard","meta":[],"categories":[242],"tags":[],"yoast_head":"<!-- This site is optimized with the Yoast SEO plugin v15.7 - https:\/\/yoast.com\/wordpress\/plugins\/seo\/ -->\n<title>Den celiakie 2017 - Novalim<\/title>\n<meta name=\"robots\" content=\"index, follow, max-snippet:-1, max-image-preview:large, max-video-preview:-1\" \/>\n<link rel=\"canonical\" href=\"https:\/\/novalimglutenfree.com\/cs\/2978\/\" \/>\n<meta property=\"og:locale\" content=\"cs_CZ\" \/>\n<meta property=\"og:type\" content=\"article\" \/>\n<meta property=\"og:title\" content=\"Den celiakie 2017 - Novalim\" \/>\n<meta property=\"og:description\" content=\"Celiakie je neviditeln\u00e1 nemoc. A proto, \u017ee ji nen\u00ed vid\u011bt, mnoz\u00ed ji za nemoc ani nepova\u017euj\u00ed. Mnoho lid\u00ed vid\u00ed celiakii jako volbu nej\u00edst lepek. Mnoho lid\u00ed si mysl\u00ed, \u017ee to, co nebol\u00ed, nen\u00ed nemoc. A pr\u00e1v\u011b proto je celiakii v\u011bnov\u00e1n 16.kv\u011btna, kter\u00fd byl prohl\u00e1\u0161en za DEN celiakie. Organizace Beyond celiakie (www.beyondceliac.org), kter\u00e1 se mimo jin\u00e9 [&hellip;]\" \/>\n<meta property=\"og:url\" content=\"https:\/\/novalimglutenfree.com\/cs\/2978\/\" \/>\n<meta property=\"og:site_name\" content=\"Novalim\" \/>\n<meta property=\"article:published_time\" content=\"2017-05-16T09:51:35+00:00\" \/>\n<meta property=\"article:modified_time\" content=\"2017-06-07T08:20:27+00:00\" \/>\n<meta property=\"og:image\" content=\"https:\/\/www.novalimglutenfree.com\/wp-content\/uploads\/2016\/05\/Den.png\" \/>\n\t<meta property=\"og:image:width\" content=\"600\" \/>\n\t<meta property=\"og:image:height\" content=\"700\" \/>\n<meta name=\"twitter:card\" content=\"summary\" \/>\n<meta name=\"twitter:label1\" content=\"Odhadovan\u00e1 doba \u010dten\u00ed\">\n\t<meta name=\"twitter:data1\" content=\"1 minuta\">\n<script type=\"application\/ld+json\" class=\"yoast-schema-graph\">{\"@context\":\"https:\/\/schema.org\",\"@graph\":[{\"@type\":\"WebSite\",\"@id\":\"https:\/\/www.novalimglutenfree.com\/de\/#website\",\"url\":\"https:\/\/www.novalimglutenfree.com\/de\/\",\"name\":\"Novalim\",\"description\":\"Bezlepkov\\u00e9 potraviny, bezlepkov\\u00e9 recepty, celiakia, PKU\",\"potentialAction\":[{\"@type\":\"SearchAction\",\"target\":\"https:\/\/www.novalimglutenfree.com\/de\/?s={search_term_string}\",\"query-input\":\"required name=search_term_string\"}],\"inLanguage\":\"cs\"},{\"@type\":\"ImageObject\",\"@id\":\"https:\/\/novalimglutenfree.com\/cs\/2978\/#primaryimage\",\"inLanguage\":\"cs\",\"url\":\"https:\/\/www.novalimglutenfree.com\/wp-content\/uploads\/2016\/05\/Den.png\",\"width\":600,\"height\":700},{\"@type\":\"WebPage\",\"@id\":\"https:\/\/novalimglutenfree.com\/cs\/2978\/#webpage\",\"url\":\"https:\/\/novalimglutenfree.com\/cs\/2978\/\",\"name\":\"Den celiakie 2017 - Novalim\",\"isPartOf\":{\"@id\":\"https:\/\/www.novalimglutenfree.com\/de\/#website\"},\"primaryImageOfPage\":{\"@id\":\"https:\/\/novalimglutenfree.com\/cs\/2978\/#primaryimage\"},\"datePublished\":\"2017-05-16T09:51:35+00:00\",\"dateModified\":\"2017-06-07T08:20:27+00:00\",\"author\":{\"@id\":\"https:\/\/www.novalimglutenfree.com\/de\/#\/schema\/person\/79da0abe09742de298e8a8f37973b956\"},\"inLanguage\":\"cs\",\"potentialAction\":[{\"@type\":\"ReadAction\",\"target\":[\"https:\/\/novalimglutenfree.com\/cs\/2978\/\"]}]},{\"@type\":\"Person\",\"@id\":\"https:\/\/www.novalimglutenfree.com\/de\/#\/schema\/person\/79da0abe09742de298e8a8f37973b956\",\"name\":\"Novalim\"}]}<\/script>\n<!-- \/ Yoast SEO plugin. -->","_links":{"self":[{"href":"https:\/\/www.novalimglutenfree.com\/cs\/wp-json\/wp\/v2\/posts\/7519"}],"collection":[{"href":"https:\/\/www.novalimglutenfree.com\/cs\/wp-json\/wp\/v2\/posts"}],"about":[{"href":"https:\/\/www.novalimglutenfree.com\/cs\/wp-json\/wp\/v2\/types\/post"}],"author":[{"embeddable":true,"href":"https:\/\/www.novalimglutenfree.com\/cs\/wp-json\/wp\/v2\/users\/3"}],"replies":[{"embeddable":true,"href":"https:\/\/www.novalimglutenfree.com\/cs\/wp-json\/wp\/v2\/comments?post=7519"}],"version-history":[{"count":4,"href":"https:\/\/www.novalimglutenfree.com\/cs\/wp-json\/wp\/v2\/posts\/7519\/revisions"}],"predecessor-version":[{"id":7640,"href":"https:\/\/www.novalimglutenfree.com\/cs\/wp-json\/wp\/v2\/posts\/7519\/revisions\/7640"}],"wp:featuredmedia":[{"embeddable":true,"href":"https:\/\/www.novalimglutenfree.com\/cs\/wp-json\/wp\/v2\/media\/7520"}],"wp:attachment":[{"href":"https:\/\/www.novalimglutenfree.com\/cs\/wp-json\/wp\/v2\/media?parent=7519"}],"wp:term":[{"taxonomy":"category","embeddable":true,"href":"https:\/\/www.novalimglutenfree.com\/cs\/wp-json\/wp\/v2\/categories?post=7519"},{"taxonomy":"post_tag","embeddable":true,"href":"https:\/\/www.novalimglutenfree.com\/cs\/wp-json\/wp\/v2\/tags?post=7519"}],"curies":[{"name":"wp","href":"https:\/\/api.w.org\/{rel}","templated":true}]}}