{"id":7367,"date":"2016-04-29T18:05:47","date_gmt":"2016-04-29T16:05:47","guid":{"rendered":"http:\/\/novalimglutenfree.com\/141-2\/"},"modified":"2017-06-01T14:36:00","modified_gmt":"2017-06-01T12:36:00","slug":"bezlepkove-pecivo-z-promix-forte","status":"publish","type":"post","link":"https:\/\/www.novalimglutenfree.com\/cs\/bezlepkove-pecivo-z-promix-forte\/","title":{"rendered":"Bezlepkov\u00e9 pe\u010divo z Promix-forte"},"content":{"rendered":"<section class=\"av_textblock_section \"  itemscope=\"itemscope\" itemtype=\"https:\/\/schema.org\/BlogPosting\" itemprop=\"blogPost\" ><div class='avia_textblock  '   itemprop=\"text\" ><p>Z mouky <a href=\"http:\/\/czshop.novalim.net\/obchod\/mouky\/bezlepkove-moucne-smesi-promix\/promixz-forte-silna-bezlepkova-muka\/\">PROMIX forte <\/a>jsme p\u0159ipravili toto bezlepkov\u00e9 pe\u010divo, kter\u00e9 m\u016f\u017eete p\u0159ipravit na slano s m\u00e1slem a \u0161unkou \u010di na sladko s marmel\u00e1dou.<\/p>\n<p><strong>Pot\u0159ebujeme:<\/strong><\/p>\n<ul>\n<li>400 g <a href=\"http:\/\/czshop.novalim.net\/obchod\/mouky\/bezlepkove-moucne-smesi-promix\/promixz-forte-silna-bezlepkova-muka\/\">PROMIX-Forte<\/a><\/li>\n<li>3 dcl vla\u017en\u00e9 vody<\/li>\n<li>1\/2 kostky dro\u017ed\u00ed (20 g)<\/li>\n<li>cukr, s\u016fl, ocet<\/li>\n<li>rostlinn\u00fd olej (tuk)<\/li>\n<\/ul>\n<p><strong>Postup:<\/strong><br \/>\n1. V 1\/2 dcl vla\u017en\u00e9 vody rozpust\u00edme 20 g \u010derstv\u00e9ho dro\u017ed\u00ed (1\/2 kostky), p\u0159id\u00e1me vrchovatou l\u017ei\u010dku cukru a nech\u00e1me aktivovat asi 10 minut (kv\u00e1sek).<\/p>\n<p>2. Do zbyl\u00e9 vody (2,5 dcl) p\u0159id\u00e1me 1 l\u017ei\u010dku soli a l\u017ei\u010dku octu nebo citronov\u00e9 \u0161\u0165\u00e1vy a zam\u00edch\u00e1me.<\/p>\n<p>3. V misce nasucho zam\u00edch\u00e1me 400 g <a href=\"http:\/\/czshop.novalim.net\/obchod\/mouky\/bezlepkove-moucne-smesi-promix\/promixz-forte-silna-bezlepkova-muka\/\">PROMIX-Forte <\/a>s chlebov\u00fdm ko\u0159en\u00edm nebo jin\u00fdmi p\u0159\u00edsadami a p\u0159id\u00e1me kv\u00e1sek, zbylou vodu se sol\u00ed a octem a 5 l\u017eic oleje (30 g tuku). M\u00edch\u00e1me 4-5 minut, a\u017e vznikne hladk\u00e9 t\u011bsto. Nech\u00e1me p\u0159ikryt\u00e9 5 minut odle\u017eet.<\/p>\n<p>4. T\u011bsto rozd\u011bl\u00edme a vyformujeme do po\u017eadovan\u00e9ho tvaru (bochn\u00edk, houska, rohl\u00edk a pod.), vlo\u017e\u00edme do formy nebo voln\u011b polo\u017e\u00edme na plech a nech\u00e1me kynout na tepl\u00e9m m\u00edst\u011b 20-30 minut, a\u017e asi zdvojn\u00e1sob\u00ed objem. T\u011bsto b\u011bhem kynut\u00ed 2-3-kr\u00e1t navlh\u010d\u00edme vla\u017enou vodou, z toho jednou t\u011bsn\u011b p\u0159ed vlo\u017een\u00edm do pece.<\/p>\n<p>5. Pe\u010deme v p\u0159edeh\u0159\u00e1t\u00e9 troub\u011b p\u0159i 200\u00b0C, chl\u00e9b asi 40 minut, housky a men\u0161\u00ed pe\u010divo 15-20 minut.<\/p>\n<p>Automatick\u00e1 pek\u00e1rna:<\/p>\n<p>Do pe\u010d\u00edc\u00ed n\u00e1doby d\u00e1me 3 dcl vla\u017en\u00e9 vody, do kter\u00e9 p\u0159id\u00e1me cukr, s\u016fl, ocet a olej. Bez m\u00edch\u00e1n\u00ed opatrn\u011b vsypeme 400 g mouky Promix- Forte a nakonec 7 g su\u0161en\u00e9ho dro\u017ed\u00ed. Nastav\u00edme 2-hodinov\u00fd bezlepkov\u00fd program (tmav\u00e1 k\u016frka).<br \/>\nmin\u00fat, a\u017e asi zdvojn\u00e1sob\u00ed objem. Cesto po\u010das kysnutia 2-3-kr\u00e1t navlh\u010d\u00edme vla\u017enou vodou, z toho raz tesne pred vlo\u017een\u00edm do pece.<\/p>\n<p>5. Pe\u010dieme v predhriatej r\u00fare pri 200oC, chlieb asi 40 min\u00fat, \u017eemle a men\u0161ie pe\u010divo<br \/>\n15-20 min\u00fat.<\/p>\n<p>Automatick\u00e1 pek\u00e1re\u0148:<\/p>\n<p>Do pe\u010dnej n\u00e1doby d\u00e1me 3 dcl vla\u017enej vody, do ktorej prid\u00e1me cukor, so\u013e, ocot a olej. Bez mie\u0161ania opatrne vsypeme 400 g m\u00faky Promix- Forte a nakoniec 7 g su\u0161en\u00e9ho dro\u017edia. Nastav\u00edme 2-hodinov\u00fd bezlepkov\u00fd program (tmav\u00e1 k\u00f4rka).<\/p>\n<\/div><\/section>\n","protected":false},"excerpt":{"rendered":"","protected":false},"author":3,"featured_media":0,"comment_status":"closed","ping_status":"closed","sticky":false,"template":"","format":"standard","meta":[],"categories":[208,207],"tags":[],"yoast_head":"<!-- This site is optimized with the Yoast SEO plugin v15.7 - https:\/\/yoast.com\/wordpress\/plugins\/seo\/ -->\n<title>Bezlepkov\u00e9 pe\u010divo z Promix-forte - Novalim<\/title>\n<meta name=\"description\" content=\"Z mouky PROMIX forte jsme p\u0159ipravili toto bezlepkov\u00e9 pe\u010divo, kter\u00e9 m\u016f\u017eete p\u0159ipravit na slano s m\u00e1slem a \u0161unkou \u010di na sladko s marmel\u00e1dou.\" \/>\n<meta name=\"robots\" content=\"index, follow, max-snippet:-1, max-image-preview:large, max-video-preview:-1\" \/>\n<link rel=\"canonical\" href=\"https:\/\/www.novalimglutenfree.com\/cs\/bezlepkove-pecivo-z-promix-forte\/\" \/>\n<meta property=\"og:locale\" content=\"cs_CZ\" \/>\n<meta property=\"og:type\" content=\"article\" \/>\n<meta property=\"og:title\" content=\"Bezlepkov\u00e9 pe\u010divo z Promix-forte - Novalim\" \/>\n<meta property=\"og:description\" content=\"Z mouky PROMIX forte jsme p\u0159ipravili toto bezlepkov\u00e9 pe\u010divo, kter\u00e9 m\u016f\u017eete p\u0159ipravit na slano s m\u00e1slem a \u0161unkou \u010di na sladko s marmel\u00e1dou.\" \/>\n<meta property=\"og:url\" content=\"https:\/\/www.novalimglutenfree.com\/cs\/bezlepkove-pecivo-z-promix-forte\/\" \/>\n<meta property=\"og:site_name\" content=\"Novalim\" \/>\n<meta property=\"article:published_time\" content=\"2016-04-29T16:05:47+00:00\" \/>\n<meta property=\"article:modified_time\" content=\"2017-06-01T12:36:00+00:00\" \/>\n<meta property=\"og:image\" content=\"http:\/\/novalimglutenfree.com\/wp-content\/uploads\/2016\/04\/Novalim_BANNER_B1_b.png\" \/>\n<meta name=\"twitter:card\" content=\"summary\" \/>\n<meta name=\"twitter:label1\" content=\"Odhadovan\u00e1 doba \u010dten\u00ed\">\n\t<meta name=\"twitter:data1\" content=\"2 minuty\">\n<script type=\"application\/ld+json\" class=\"yoast-schema-graph\">{\"@context\":\"https:\/\/schema.org\",\"@graph\":[{\"@type\":\"WebSite\",\"@id\":\"https:\/\/www.novalimglutenfree.com\/de\/#website\",\"url\":\"https:\/\/www.novalimglutenfree.com\/de\/\",\"name\":\"Novalim\",\"description\":\"Bezlepkov\\u00e9 potraviny, bezlepkov\\u00e9 recepty, celiakia, PKU\",\"potentialAction\":[{\"@type\":\"SearchAction\",\"target\":\"https:\/\/www.novalimglutenfree.com\/de\/?s={search_term_string}\",\"query-input\":\"required name=search_term_string\"}],\"inLanguage\":\"cs\"},{\"@type\":\"WebPage\",\"@id\":\"https:\/\/www.novalimglutenfree.com\/cs\/bezlepkove-pecivo-z-promix-forte\/#webpage\",\"url\":\"https:\/\/www.novalimglutenfree.com\/cs\/bezlepkove-pecivo-z-promix-forte\/\",\"name\":\"Bezlepkov\\u00e9 pe\\u010divo z Promix-forte - Novalim\",\"isPartOf\":{\"@id\":\"https:\/\/www.novalimglutenfree.com\/de\/#website\"},\"datePublished\":\"2016-04-29T16:05:47+00:00\",\"dateModified\":\"2017-06-01T12:36:00+00:00\",\"author\":{\"@id\":\"https:\/\/www.novalimglutenfree.com\/de\/#\/schema\/person\/79da0abe09742de298e8a8f37973b956\"},\"description\":\"Z mouky PROMIX forte jsme p\\u0159ipravili toto bezlepkov\\u00e9 pe\\u010divo, kter\\u00e9 m\\u016f\\u017eete p\\u0159ipravit na slano s m\\u00e1slem a \\u0161unkou \\u010di na sladko s marmel\\u00e1dou.\",\"inLanguage\":\"cs\",\"potentialAction\":[{\"@type\":\"ReadAction\",\"target\":[\"https:\/\/www.novalimglutenfree.com\/cs\/bezlepkove-pecivo-z-promix-forte\/\"]}]},{\"@type\":\"Person\",\"@id\":\"https:\/\/www.novalimglutenfree.com\/de\/#\/schema\/person\/79da0abe09742de298e8a8f37973b956\",\"name\":\"Novalim\"}]}<\/script>\n<!-- \/ Yoast SEO plugin. -->","_links":{"self":[{"href":"https:\/\/www.novalimglutenfree.com\/cs\/wp-json\/wp\/v2\/posts\/7367"}],"collection":[{"href":"https:\/\/www.novalimglutenfree.com\/cs\/wp-json\/wp\/v2\/posts"}],"about":[{"href":"https:\/\/www.novalimglutenfree.com\/cs\/wp-json\/wp\/v2\/types\/post"}],"author":[{"embeddable":true,"href":"https:\/\/www.novalimglutenfree.com\/cs\/wp-json\/wp\/v2\/users\/3"}],"replies":[{"embeddable":true,"href":"https:\/\/www.novalimglutenfree.com\/cs\/wp-json\/wp\/v2\/comments?post=7367"}],"version-history":[{"count":2,"href":"https:\/\/www.novalimglutenfree.com\/cs\/wp-json\/wp\/v2\/posts\/7367\/revisions"}],"predecessor-version":[{"id":7372,"href":"https:\/\/www.novalimglutenfree.com\/cs\/wp-json\/wp\/v2\/posts\/7367\/revisions\/7372"}],"wp:attachment":[{"href":"https:\/\/www.novalimglutenfree.com\/cs\/wp-json\/wp\/v2\/media?parent=7367"}],"wp:term":[{"taxonomy":"category","embeddable":true,"href":"https:\/\/www.novalimglutenfree.com\/cs\/wp-json\/wp\/v2\/categories?post=7367"},{"taxonomy":"post_tag","embeddable":true,"href":"https:\/\/www.novalimglutenfree.com\/cs\/wp-json\/wp\/v2\/tags?post=7367"}],"curies":[{"name":"wp","href":"https:\/\/api.w.org\/{rel}","templated":true}]}}