{"id":7332,"date":"2016-05-07T22:19:50","date_gmt":"2016-05-07T20:19:50","guid":{"rendered":"http:\/\/novalimglutenfree.com\/bezlepkove-linecke-pecivo-s-orechy\/"},"modified":"2017-06-01T12:47:05","modified_gmt":"2017-06-01T10:47:05","slug":"bezlepkove-linecke-pecivo-s-orechy","status":"publish","type":"post","link":"https:\/\/www.novalimglutenfree.com\/cs\/bezlepkove-linecke-pecivo-s-orechy\/","title":{"rendered":"Bezlepkov\u00e9 lineck\u00e9 pe\u010divo s o\u0159echy"},"content":{"rendered":"<div  style='padding-bottom:10px; ' class='av-special-heading av-special-heading-h3    avia-builder-el-0  el_before_av_image  avia-builder-el-first  '><h3 class='av-special-heading-tag '  itemprop=\"headline\"  >Bezlepkov\u00e9 lineck\u00e9 pe\u010divo s o\u0159echy<\/h3><div class='special-heading-border'><div class='special-heading-inner-border' ><\/div><\/div><\/div>\n<div  class='avia-image-container  av-styling-    avia-builder-el-1  el_after_av_heading  el_before_av_textblock  avia-align-center '  itemprop=\"image\" itemscope=\"itemscope\" itemtype=\"https:\/\/schema.org\/ImageObject\"  ><div class='avia-image-container-inner'><div class='avia-image-overlay-wrap'><img class='wp-image-7333 avia-img-lazy-loading-not-7333 avia_image' src=\"https:\/\/www.novalimglutenfree.com\/wp-content\/uploads\/2016\/05\/lineck\u00e9-pe\u010divo-s-orechami.png\" alt='' title='lineck\u00e9 pe\u010divo s orechami' height=\"391\" width=\"477\"  itemprop=\"thumbnailUrl\" srcset=\"https:\/\/www.novalimglutenfree.com\/wp-content\/uploads\/2016\/05\/lineck\u00e9-pe\u010divo-s-orechami.png 477w, https:\/\/www.novalimglutenfree.com\/wp-content\/uploads\/2016\/05\/lineck\u00e9-pe\u010divo-s-orechami-450x369.png 450w\" sizes=\"(max-width: 477px) 100vw, 477px\" \/><\/div><\/div><\/div>\n<section class=\"av_textblock_section \"  itemscope=\"itemscope\" itemtype=\"https:\/\/schema.org\/BlogPosting\" itemprop=\"blogPost\" ><div class='avia_textblock  '   itemprop=\"text\" ><p><strong>Pot\u0159ebujeme<\/strong>:<\/p>\n<ul>\n<li><a href=\"http:\/\/czshop.novalim.net\/obchod\/mouky\/bezlepkove-moucne-smesi-promix\/promix-uni-univerzalna-bezlepkova-muka\/\">PROMIX-UNI<\/a>, univerz\u00e1ln\u00ed bezglutenov\u00e1 mouka \u2013 360g<\/li>\n<li>rostlinn\u00fd tuk (Palmarin ap.) \u2013 170g<\/li>\n<li>rou\u010dkov\u00fd cukr \u2013 100g (do t\u011bsta)<\/li>\n<li>cukr vanilkov\u00fd \u2013 1 bal\u00ed\u010dek<\/li>\n<li>2 cel\u00e1 vejce<\/li>\n<li><a href=\"http:\/\/czshop.novalim.net\/obchod\/mouky\/prirozene-bezlepkove-mouky\/pohankova-muka\/\">pohankov\u00e1 mouka <\/a>hladk\u00e1 (Novalim) \u2013 40g<\/li>\n<li>o\u0159echy jemn\u011b mlet\u00e9 \u2013 30g<\/li>\n<li>kyp\u0159\u00edc\u00ed pr\u00e1\u0161ek \u2013 1 \u010cL<\/li>\n<li>voda studen\u00e1 2 PL<\/li>\n<li>ryb\u00edzov\u00e1 marmel\u00e1da,<\/li>\n<li>mou\u010dkov\u00fd cukr na posyp\u00e1n\u00ed<\/li>\n<\/ul>\n<p><strong>Postup:<\/strong><br \/>\n1. Suroviny si p\u0159iprav\u00edme asi 1 hodinu p\u0159edem, aby m\u011bly pokojovou teplotu.<\/p>\n<p>2. V misce suroviny prom\u00edch\u00e1me, aby se vytvo\u0159ilo t\u011bsto.<\/p>\n<p>3. T\u011bsto na desce hn\u011bteme asi 5 minut, aby z\u00edskalo homogenn\u00ed strukturu. M\u016f\u017eeme nechat v ledni\u010dce odst\u00e1t 30-60 minut.<\/p>\n<p>4. T\u011bsto rozv\u00e1l\u00edme na pl\u00e1t o tlou\u0161\u0165ce 4-5 mm, vykr\u00e1j\u00edme kole\u010dka nebo jin\u00e9 tvary a polo\u017e\u00edme na plech. Pe\u010deme v p\u0159edeh\u0159\u00e1t\u00e9 troub\u011b p\u0159i 200\u00b0C, 12- 15 minut.<\/p>\n<p>5. Po vychladnut\u00ed nama\u017eeme marmel\u00e1dou a slep\u00edme dva kousky dohromady.<\/p>\n<p>6. Posypeme mou\u010dkov\u00fdm cukrem.<\/p>\n<\/div><\/section>\n","protected":false},"excerpt":{"rendered":"","protected":false},"author":3,"featured_media":7333,"comment_status":"closed","ping_status":"closed","sticky":false,"template":"","format":"standard","meta":[],"categories":[208,207],"tags":[266],"yoast_head":"<!-- This site is optimized with the Yoast SEO plugin v15.7 - https:\/\/yoast.com\/wordpress\/plugins\/seo\/ -->\n<title>Bezlepkov\u00e9 lineck\u00e9 pe\u010divo s o\u0159echy - Novalim<\/title>\n<meta name=\"description\" content=\"Kdy\u017e hled\u00e1te recept pro lineck\u00e9 t\u011bsto, tak my v\u00e1m nabizime tenhle - Bezlepkov\u00e9 lineck\u00e9 pe\u010divo s o\u0159echy kr\u00e1sne dopln\u00ed chu\u0165 kol\u00e1\u010dka.\" \/>\n<meta name=\"robots\" content=\"index, follow, max-snippet:-1, max-image-preview:large, max-video-preview:-1\" \/>\n<link rel=\"canonical\" href=\"https:\/\/www.novalimglutenfree.com\/cs\/bezlepkove-linecke-pecivo-s-orechy\/\" \/>\n<meta property=\"og:locale\" content=\"cs_CZ\" \/>\n<meta property=\"og:type\" content=\"article\" \/>\n<meta property=\"og:title\" content=\"Bezlepkov\u00e9 lineck\u00e9 pe\u010divo s o\u0159echy - Novalim\" \/>\n<meta property=\"og:description\" content=\"Kdy\u017e hled\u00e1te recept pro lineck\u00e9 t\u011bsto, tak my v\u00e1m nabizime tenhle - Bezlepkov\u00e9 lineck\u00e9 pe\u010divo s o\u0159echy kr\u00e1sne dopln\u00ed chu\u0165 kol\u00e1\u010dka.\" \/>\n<meta property=\"og:url\" content=\"https:\/\/www.novalimglutenfree.com\/cs\/bezlepkove-linecke-pecivo-s-orechy\/\" \/>\n<meta property=\"og:site_name\" content=\"Novalim\" \/>\n<meta property=\"article:published_time\" content=\"2016-05-07T20:19:50+00:00\" \/>\n<meta property=\"article:modified_time\" content=\"2017-06-01T10:47:05+00:00\" \/>\n<meta property=\"og:image\" content=\"https:\/\/www.novalimglutenfree.com\/wp-content\/uploads\/2016\/05\/lineck\u00e9-pe\u010divo-s-orechami.png\" \/>\n\t<meta property=\"og:image:width\" content=\"477\" \/>\n\t<meta property=\"og:image:height\" content=\"391\" \/>\n<meta name=\"twitter:card\" content=\"summary\" \/>\n<meta name=\"twitter:label1\" content=\"Odhadovan\u00e1 doba \u010dten\u00ed\">\n\t<meta name=\"twitter:data1\" content=\"1 minuta\">\n<script type=\"application\/ld+json\" class=\"yoast-schema-graph\">{\"@context\":\"https:\/\/schema.org\",\"@graph\":[{\"@type\":\"WebSite\",\"@id\":\"https:\/\/www.novalimglutenfree.com\/de\/#website\",\"url\":\"https:\/\/www.novalimglutenfree.com\/de\/\",\"name\":\"Novalim\",\"description\":\"Bezlepkov\\u00e9 potraviny, bezlepkov\\u00e9 recepty, celiakia, PKU\",\"potentialAction\":[{\"@type\":\"SearchAction\",\"target\":\"https:\/\/www.novalimglutenfree.com\/de\/?s={search_term_string}\",\"query-input\":\"required name=search_term_string\"}],\"inLanguage\":\"cs\"},{\"@type\":\"ImageObject\",\"@id\":\"https:\/\/www.novalimglutenfree.com\/cs\/bezlepkove-linecke-pecivo-s-orechy\/#primaryimage\",\"inLanguage\":\"cs\",\"url\":\"https:\/\/www.novalimglutenfree.com\/wp-content\/uploads\/2016\/05\/lineck\\u00e9-pe\\u010divo-s-orechami.png\",\"width\":477,\"height\":391},{\"@type\":\"WebPage\",\"@id\":\"https:\/\/www.novalimglutenfree.com\/cs\/bezlepkove-linecke-pecivo-s-orechy\/#webpage\",\"url\":\"https:\/\/www.novalimglutenfree.com\/cs\/bezlepkove-linecke-pecivo-s-orechy\/\",\"name\":\"Bezlepkov\\u00e9 lineck\\u00e9 pe\\u010divo s o\\u0159echy - Novalim\",\"isPartOf\":{\"@id\":\"https:\/\/www.novalimglutenfree.com\/de\/#website\"},\"primaryImageOfPage\":{\"@id\":\"https:\/\/www.novalimglutenfree.com\/cs\/bezlepkove-linecke-pecivo-s-orechy\/#primaryimage\"},\"datePublished\":\"2016-05-07T20:19:50+00:00\",\"dateModified\":\"2017-06-01T10:47:05+00:00\",\"author\":{\"@id\":\"https:\/\/www.novalimglutenfree.com\/de\/#\/schema\/person\/79da0abe09742de298e8a8f37973b956\"},\"description\":\"Kdy\\u017e hled\\u00e1te recept pro lineck\\u00e9 t\\u011bsto, tak my v\\u00e1m nabizime tenhle - Bezlepkov\\u00e9 lineck\\u00e9 pe\\u010divo s o\\u0159echy kr\\u00e1sne dopln\\u00ed chu\\u0165 kol\\u00e1\\u010dka.\",\"inLanguage\":\"cs\",\"potentialAction\":[{\"@type\":\"ReadAction\",\"target\":[\"https:\/\/www.novalimglutenfree.com\/cs\/bezlepkove-linecke-pecivo-s-orechy\/\"]}]},{\"@type\":\"Person\",\"@id\":\"https:\/\/www.novalimglutenfree.com\/de\/#\/schema\/person\/79da0abe09742de298e8a8f37973b956\",\"name\":\"Novalim\"}]}<\/script>\n<!-- \/ Yoast SEO plugin. -->","_links":{"self":[{"href":"https:\/\/www.novalimglutenfree.com\/cs\/wp-json\/wp\/v2\/posts\/7332"}],"collection":[{"href":"https:\/\/www.novalimglutenfree.com\/cs\/wp-json\/wp\/v2\/posts"}],"about":[{"href":"https:\/\/www.novalimglutenfree.com\/cs\/wp-json\/wp\/v2\/types\/post"}],"author":[{"embeddable":true,"href":"https:\/\/www.novalimglutenfree.com\/cs\/wp-json\/wp\/v2\/users\/3"}],"replies":[{"embeddable":true,"href":"https:\/\/www.novalimglutenfree.com\/cs\/wp-json\/wp\/v2\/comments?post=7332"}],"version-history":[{"count":3,"href":"https:\/\/www.novalimglutenfree.com\/cs\/wp-json\/wp\/v2\/posts\/7332\/revisions"}],"predecessor-version":[{"id":7336,"href":"https:\/\/www.novalimglutenfree.com\/cs\/wp-json\/wp\/v2\/posts\/7332\/revisions\/7336"}],"wp:featuredmedia":[{"embeddable":true,"href":"https:\/\/www.novalimglutenfree.com\/cs\/wp-json\/wp\/v2\/media\/7333"}],"wp:attachment":[{"href":"https:\/\/www.novalimglutenfree.com\/cs\/wp-json\/wp\/v2\/media?parent=7332"}],"wp:term":[{"taxonomy":"category","embeddable":true,"href":"https:\/\/www.novalimglutenfree.com\/cs\/wp-json\/wp\/v2\/categories?post=7332"},{"taxonomy":"post_tag","embeddable":true,"href":"https:\/\/www.novalimglutenfree.com\/cs\/wp-json\/wp\/v2\/tags?post=7332"}],"curies":[{"name":"wp","href":"https:\/\/api.w.org\/{rel}","templated":true}]}}