{"id":7319,"date":"2016-05-18T06:41:53","date_gmt":"2016-05-18T04:41:53","guid":{"rendered":"http:\/\/novalimglutenfree.com\/mini-foccacie-s-olivami-feta-syrom\/"},"modified":"2017-06-01T12:14:22","modified_gmt":"2017-06-01T10:14:22","slug":"mini-foccacie-s-olivami-feta-syrem","status":"publish","type":"post","link":"https:\/\/www.novalimglutenfree.com\/cs\/mini-foccacie-s-olivami-feta-syrem\/","title":{"rendered":"Mini foccacie s olivami a feta s\u00fdrem"},"content":{"rendered":"<div  style='padding-bottom:10px; ' class='av-special-heading av-special-heading-h3    avia-builder-el-0  el_before_av_gallery  avia-builder-el-first  '><h3 class='av-special-heading-tag '  itemprop=\"headline\"  >Mini foccacie s olivami a feta s\u00fdrem<\/h3><div class='special-heading-border'><div class='special-heading-inner-border' ><\/div><\/div><\/div>\n<div  class='avia-gallery  avia-gallery-1 avia_lazyload avia-gallery-animate avia_animate_when_visible  avia-builder-el-1  el_after_av_heading  el_before_av_textblock '  itemprop=\"image\" itemscope=\"itemscope\" itemtype=\"https:\/\/schema.org\/ImageObject\" ><a class='avia-gallery-big fakeLightbox lightbox avia-gallery-big-crop-thumb ' href='https:\/\/www.novalimglutenfree.com\/wp-content\/uploads\/2016\/05\/Mini-Focaccia.jpg'  data-onclick='1' title='Mini Focaccia' ><span class='avia-gallery-big-inner'  itemprop=\"thumbnailUrl\" ><img class=\"wp-image-7320 avia-img-lazy-loading-not-7320\"  width=\"482\" height=\"321\" src=\"https:\/\/www.novalimglutenfree.com\/wp-content\/uploads\/2016\/05\/Mini-Focaccia.jpg\" title='Mini Focaccia' alt='' srcset=\"https:\/\/www.novalimglutenfree.com\/wp-content\/uploads\/2016\/05\/Mini-Focaccia.jpg 960w, https:\/\/www.novalimglutenfree.com\/wp-content\/uploads\/2016\/05\/Mini-Focaccia-450x300.jpg 450w\" sizes=\"(max-width: 482px) 100vw, 482px\" \/><\/span><\/a><div class='avia-gallery-thumb'> <a href='https:\/\/www.novalimglutenfree.com\/wp-content\/uploads\/2016\/05\/Mini-Focaccia.jpg' data-rel='gallery-1' data-prev-img='https:\/\/www.novalimglutenfree.com\/wp-content\/uploads\/2016\/05\/Mini-Focaccia.jpg' class='first_thumb lightbox ' data-onclick='1' title='Mini Focaccia'  itemprop=\"thumbnailUrl\"  ><img class=\"wp-image-7320 avia-img-lazy-loading-not-7320\"   src=\"https:\/\/www.novalimglutenfree.com\/wp-content\/uploads\/2016\/05\/Mini-Focaccia.jpg\" width=\"495\" height=\"330\"  title='Mini Focaccia' alt='' srcset=\"https:\/\/www.novalimglutenfree.com\/wp-content\/uploads\/2016\/05\/Mini-Focaccia.jpg 960w, https:\/\/www.novalimglutenfree.com\/wp-content\/uploads\/2016\/05\/Mini-Focaccia-450x300.jpg 450w\" sizes=\"(max-width: 495px) 100vw, 495px\" \/><\/a> <a href='https:\/\/www.novalimglutenfree.com\/wp-content\/uploads\/2016\/05\/Mini-Focaccia1.jpg' data-rel='gallery-1' data-prev-img='https:\/\/www.novalimglutenfree.com\/wp-content\/uploads\/2016\/05\/Mini-Focaccia1.jpg' class='lightbox ' data-onclick='2' title='Mini Focaccia1'  itemprop=\"thumbnailUrl\"  ><img class=\"wp-image-7326 avia-img-lazy-loading-not-7326\"   src=\"https:\/\/www.novalimglutenfree.com\/wp-content\/uploads\/2016\/05\/Mini-Focaccia1.jpg\" width=\"267\" height=\"400\"  title='Mini Focaccia1' alt='' srcset=\"https:\/\/www.novalimglutenfree.com\/wp-content\/uploads\/2016\/05\/Mini-Focaccia1.jpg 640w, https:\/\/www.novalimglutenfree.com\/wp-content\/uploads\/2016\/05\/Mini-Focaccia1-450x675.jpg 450w\" sizes=\"(max-width: 267px) 100vw, 267px\" \/><\/a><\/div><\/div>\n<section class=\"av_textblock_section \"  itemscope=\"itemscope\" itemtype=\"https:\/\/schema.org\/BlogPosting\" itemprop=\"blogPost\" ><div class='avia_textblock  '   itemprop=\"text\" ><p><strong>Pot\u0159ebujeme:<\/strong><\/p>\n<ul>\n<li>1 x <a href=\"http:\/\/czshop.novalim.net\/obchod\/mouky\/bezlepkove-moucne-smesi-promix\/promix-alfa-univerzalna-mineralizovana-bezglutenova-muka\/\">Promix Alfa<\/a> 500g<\/li>\n<li>300 ml tepl\u00e9ho ml\u00e9ka<\/li>\n<li>1 kostku dro\u017ed\u00ed<\/li>\n<li>1 PL kryst.cukru<\/li>\n<li>1 \u010cL s\u016fl<\/li>\n<li>5 PL olivov\u00e9ho oleje<\/li>\n<li>100 ml ml\u00e9ka nebo vody<\/li>\n<\/ul>\n<p><strong>Postup:<\/strong><br \/>\nDo 200 ml tepl\u00e9ho ml\u00e9ka nebo tepl\u00e9 vody rozdrob\u00edme 1 kostku dro\u017ed\u00ed, sm\u00edchame s 1 PL kryst.cukru a nech\u00e1me nakynout. Do <a href=\"http:\/\/czshop.novalim.net\/obchod\/mouky\/bezlepkove-moucne-smesi-promix\/promix-alfa-univerzalna-mineralizovana-bezglutenova-muka\/\">Promix Alfa <\/a>sm\u011bsi p\u0159id\u00e1me 1 \u010cL soli, 5 PL olivov\u00e9ho oleje sm\u00edch\u00e1me s kv\u00e1skem a 100 ml ml\u00e9ka nebo vody. T\u011bsto m\u00edch\u00e1me asi 10 minut, nech\u00e1me vykynout.<\/p>\n<p>Pak ho na prac.desce posypan\u00e9 kuku\u0159i\u010dnou moukou vyformujeme do boch\u00e1nk\u016f a nech\u00e1me je na plechu s pe\u010d\u00edc\u00edm pap\u00edrem podkynout. Pot\u0159eme je olivov\u00fdm olejem, posypeme olivami, feta s\u00fdrem a krystalovou sol\u00ed a pe\u010deme na 200 stupn\u00edch asi 30 minut do zlatohn\u011bda. Nejl\u00e9pe chutnaj\u00ed \u010derstv\u011b upe\u010den\u00e9.<\/p>\n<\/div><\/section>\n<div  class='avia-button-wrap avia-button-center  avia-builder-el-3  el_after_av_textblock  avia-builder-el-last ' ><a href='https:\/\/www.novalimglutenfree.com\/obchod\/muky\/bezglutenove-mucne-zmesi\/promix-alfa-univerzalna-mineralizovana-bezglutenova-muka\/'  class='avia-button  avia-color-theme-color   avia-icon_select-yes-left-icon avia-size-small avia-position-center '   ><span class='avia_button_icon avia_button_icon_left ' aria-hidden='true' data-av_icon='\ue859' data-av_iconfont='entypo-fontello'><\/span><span class='avia_iconbox_title' >Promix Alfa<\/span><\/a><\/div>\n","protected":false},"excerpt":{"rendered":"","protected":false},"author":3,"featured_media":7320,"comment_status":"closed","ping_status":"closed","sticky":false,"template":"","format":"standard","meta":[],"categories":[207],"tags":[265],"yoast_head":"<!-- This site is optimized with the Yoast SEO plugin v15.7 - https:\/\/yoast.com\/wordpress\/plugins\/seo\/ -->\n<title>Mini foccacie s olivami a feta s\u00fdrem - Novalim<\/title>\n<meta name=\"description\" content=\"R\u00fdchla sva\u010dinka a m\u00e1te r\u00e1di olivy? V\u00fdborn\u00e1 chu\u0165 bezlepkov\u00e9ho pe\u010diva, oliv a s\u00fdru v tomto receptu - Mini Foccacia s olivami a feta s\u00fdrem!mi a feta s\u00fdrem!\" \/>\n<meta name=\"robots\" content=\"index, follow, max-snippet:-1, max-image-preview:large, max-video-preview:-1\" \/>\n<link rel=\"canonical\" href=\"https:\/\/novalimglutenfree.com\/cs\/mini-foccacie-s-olivami-feta-syrem\/\" \/>\n<meta property=\"og:locale\" content=\"cs_CZ\" \/>\n<meta property=\"og:type\" content=\"article\" \/>\n<meta property=\"og:title\" content=\"Mini foccacie s olivami a feta s\u00fdrem - Novalim\" \/>\n<meta property=\"og:description\" content=\"R\u00fdchla sva\u010dinka a m\u00e1te r\u00e1di olivy? V\u00fdborn\u00e1 chu\u0165 bezlepkov\u00e9ho pe\u010diva, oliv a s\u00fdru v tomto receptu - Mini Foccacia s olivami a feta s\u00fdrem!mi a feta s\u00fdrem!\" \/>\n<meta property=\"og:url\" content=\"https:\/\/novalimglutenfree.com\/cs\/mini-foccacie-s-olivami-feta-syrem\/\" \/>\n<meta property=\"og:site_name\" content=\"Novalim\" \/>\n<meta property=\"article:published_time\" content=\"2016-05-18T04:41:53+00:00\" \/>\n<meta property=\"article:modified_time\" content=\"2017-06-01T10:14:22+00:00\" \/>\n<meta property=\"og:image\" content=\"https:\/\/www.novalimglutenfree.com\/wp-content\/uploads\/2016\/05\/Mini-Focaccia.jpg\" \/>\n\t<meta property=\"og:image:width\" content=\"960\" \/>\n\t<meta property=\"og:image:height\" content=\"640\" \/>\n<meta name=\"twitter:card\" content=\"summary\" \/>\n<meta name=\"twitter:label1\" content=\"Odhadovan\u00e1 doba \u010dten\u00ed\">\n\t<meta name=\"twitter:data1\" content=\"1 minuta\">\n<script type=\"application\/ld+json\" class=\"yoast-schema-graph\">{\"@context\":\"https:\/\/schema.org\",\"@graph\":[{\"@type\":\"WebSite\",\"@id\":\"https:\/\/www.novalimglutenfree.com\/de\/#website\",\"url\":\"https:\/\/www.novalimglutenfree.com\/de\/\",\"name\":\"Novalim\",\"description\":\"Bezlepkov\\u00e9 potraviny, bezlepkov\\u00e9 recepty, celiakia, PKU\",\"potentialAction\":[{\"@type\":\"SearchAction\",\"target\":\"https:\/\/www.novalimglutenfree.com\/de\/?s={search_term_string}\",\"query-input\":\"required name=search_term_string\"}],\"inLanguage\":\"cs\"},{\"@type\":\"ImageObject\",\"@id\":\"https:\/\/novalimglutenfree.com\/cs\/mini-foccacie-s-olivami-feta-syrem\/#primaryimage\",\"inLanguage\":\"cs\",\"url\":\"https:\/\/www.novalimglutenfree.com\/wp-content\/uploads\/2016\/05\/Mini-Focaccia.jpg\",\"width\":960,\"height\":640},{\"@type\":\"WebPage\",\"@id\":\"https:\/\/novalimglutenfree.com\/cs\/mini-foccacie-s-olivami-feta-syrem\/#webpage\",\"url\":\"https:\/\/novalimglutenfree.com\/cs\/mini-foccacie-s-olivami-feta-syrem\/\",\"name\":\"Mini foccacie s olivami a feta s\\u00fdrem - Novalim\",\"isPartOf\":{\"@id\":\"https:\/\/www.novalimglutenfree.com\/de\/#website\"},\"primaryImageOfPage\":{\"@id\":\"https:\/\/novalimglutenfree.com\/cs\/mini-foccacie-s-olivami-feta-syrem\/#primaryimage\"},\"datePublished\":\"2016-05-18T04:41:53+00:00\",\"dateModified\":\"2017-06-01T10:14:22+00:00\",\"author\":{\"@id\":\"https:\/\/www.novalimglutenfree.com\/de\/#\/schema\/person\/79da0abe09742de298e8a8f37973b956\"},\"description\":\"R\\u00fdchla sva\\u010dinka a m\\u00e1te r\\u00e1di olivy? V\\u00fdborn\\u00e1 chu\\u0165 bezlepkov\\u00e9ho pe\\u010diva, oliv a s\\u00fdru v tomto receptu - Mini Foccacia s olivami a feta s\\u00fdrem!mi a feta s\\u00fdrem!\",\"inLanguage\":\"cs\",\"potentialAction\":[{\"@type\":\"ReadAction\",\"target\":[\"https:\/\/novalimglutenfree.com\/cs\/mini-foccacie-s-olivami-feta-syrem\/\"]}]},{\"@type\":\"Person\",\"@id\":\"https:\/\/www.novalimglutenfree.com\/de\/#\/schema\/person\/79da0abe09742de298e8a8f37973b956\",\"name\":\"Novalim\"}]}<\/script>\n<!-- \/ Yoast SEO plugin. -->","_links":{"self":[{"href":"https:\/\/www.novalimglutenfree.com\/cs\/wp-json\/wp\/v2\/posts\/7319"}],"collection":[{"href":"https:\/\/www.novalimglutenfree.com\/cs\/wp-json\/wp\/v2\/posts"}],"about":[{"href":"https:\/\/www.novalimglutenfree.com\/cs\/wp-json\/wp\/v2\/types\/post"}],"author":[{"embeddable":true,"href":"https:\/\/www.novalimglutenfree.com\/cs\/wp-json\/wp\/v2\/users\/3"}],"replies":[{"embeddable":true,"href":"https:\/\/www.novalimglutenfree.com\/cs\/wp-json\/wp\/v2\/comments?post=7319"}],"version-history":[{"count":2,"href":"https:\/\/www.novalimglutenfree.com\/cs\/wp-json\/wp\/v2\/posts\/7319\/revisions"}],"predecessor-version":[{"id":7324,"href":"https:\/\/www.novalimglutenfree.com\/cs\/wp-json\/wp\/v2\/posts\/7319\/revisions\/7324"}],"wp:featuredmedia":[{"embeddable":true,"href":"https:\/\/www.novalimglutenfree.com\/cs\/wp-json\/wp\/v2\/media\/7320"}],"wp:attachment":[{"href":"https:\/\/www.novalimglutenfree.com\/cs\/wp-json\/wp\/v2\/media?parent=7319"}],"wp:term":[{"taxonomy":"category","embeddable":true,"href":"https:\/\/www.novalimglutenfree.com\/cs\/wp-json\/wp\/v2\/categories?post=7319"},{"taxonomy":"post_tag","embeddable":true,"href":"https:\/\/www.novalimglutenfree.com\/cs\/wp-json\/wp\/v2\/tags?post=7319"}],"curies":[{"name":"wp","href":"https:\/\/api.w.org\/{rel}","templated":true}]}}