{"id":7173,"date":"2016-08-11T21:32:15","date_gmt":"2016-08-11T19:32:15","guid":{"rendered":"http:\/\/novalimglutenfree.com\/bezlepkove-madlenky\/"},"modified":"2017-05-29T19:58:25","modified_gmt":"2017-05-29T17:58:25","slug":"bezlepkove-madlenky","status":"publish","type":"post","link":"https:\/\/www.novalimglutenfree.com\/cs\/bezlepkove-madlenky\/","title":{"rendered":"Bezlepkov\u00e9 madlenky"},"content":{"rendered":"<p>Zn\u00e1te mil\u00e9 kol\u00e1\u010dky s mil\u00fdm jm\u00e9nem madlenky? D\u00e1me v\u00e1m n\u00e1vod jak si up\u00e9ct bezlepkov\u00e9 madlenky. Pokud m\u00e1te d\u00edt\u011b s celiaki\u00ed, mus\u00edte v\u017edy myslet nap\u0159ed. D\u011bti maj\u00ed r\u00e1di pamlsky, o to l\u00e9pe, pokud je um\u00edme doma sami nap\u00e9ct. Tehdy v\u00edme, co do nich d\u00e1me a jsou jako \u010derstv\u00e9.<br \/>\nPokud se chyst\u00e1te p\u00e9ct, m\u00e1me pro v\u00e1s tip z na\u0161\u00ed \u201ckuchyn\u011b\u201d. Bezlepkov\u00e9 madlenky s pravou vanilkou. K\u0159ehk\u00e9, jemn\u00e9, m\u00e1slov\u00e9 kol\u00e1\u010dky, kter\u00e9 se daj\u00ed nap\u00e9ct do z\u00e1soby a zmrazit, nebo vylep\u0161ovat ovocn\u00fdmi \u0161\u0165\u00e1vami.<\/p>\n<p><strong>Na 40 ks mal\u00fdch madlenek pot\u0159ebujeme:<\/strong><\/p>\n<ul>\n<li>100 g rozpu\u0161t\u011bn\u00e9ho m\u00e1sla<\/li>\n<li>1 vejce<\/li>\n<li>80 g krystalov\u00e9ho cukru<\/li>\n<li>\u0161petka soli<\/li>\n<li>120 g sm\u011bsi <a href=\"http:\/\/novalimglutenfree.com\/obchod\/mouky\/bezlepkove-moucne-smesi-promix\/promix-pk-special-bezlepkova-zmes-na-pecivo-2\/\">Promix PK Speci\u00e1l<\/a><\/li>\n<li>1 vanilkov\u00fd lusk<\/li>\n<\/ul>\n<p><strong>Na p\u0159ilep\u0161en\u00ed:<\/strong><br \/>\n\u0161\u0165\u00e1va z pomeran\u010de nebo citr\u00f3nu a 1-2 PL mou\u010dkov\u00e9ho cukru<\/p>\n<p><a href=\"http:\/\/novalimglutenfree.com\/wp-content\/uploads\/2016\/08\/P8113483.jpg\"><img loading=\"lazy\" class=\"alignnone wp-image-6294 size-medium\" src=\"http:\/\/novalimglutenfree.com\/wp-content\/uploads\/2016\/08\/P8113483-300x200.jpg\" alt=\"\" width=\"300\" height=\"200\" \/><\/a><\/p>\n<p><strong>Postup:<\/strong><br \/>\nVejce, cukr, vanilku a s\u016fl vym\u00edch\u00e1me do bled\u00e9 nad\u00fdchan\u00e9 p\u011bny. Na tuto p\u011bnu prosejeme sm\u011bs <a href=\"http:\/\/novalimglutenfree.com\/obchod\/mouky\/bezlepkove-moucne-smesi-promix\/promix-pk-special-bezlepkova-zmes-na-pecivo-2\/\">Promix PK Speci\u00e1l<\/a> a gumovou va\u0159e\u010dkou jemn\u011b vm\u00edch\u00e1me. Sm\u011bsi by se m\u011bly prom\u00edchat d\u016fkladn\u011b, ale opatrn\u011b, abychom ponechali nad\u00fdchanost. Nakonec p\u0159ilijeme vychladl\u00e9 rozeh\u0159\u00e1t\u00e9 m\u00e1slo a d\u016fkladn\u011b vm\u00edch\u00e1me. Misku p\u0159ikryjeme potravinovou f\u00f3li\u00ed a nech\u00e1me v ledni\u010dce asi hodinu ztuhnout.<\/p>\n<p>Kdy\u017e je sm\u011bs ztuhl\u00e1, malou l\u017ei\u010dkou odkrajujeme kousky t\u011bsta a vtla\u010dujeme je do formy na madlenky (formu je dobr\u00e9 napoprv\u00e9 jemn\u011b vyt\u0159\u00edt olejem a vysypat trochou Promix sm\u011bsi.<\/p>\n<p>Pe\u010deme na 180 stupn\u00edch asi 15 minut, dokud neza\u010dnou okraje madlenek jemn\u011b hn\u011bdnout. Nech\u00e1me zcela vychladnout.<\/p>\n<p>Na vylep\u0161en\u00ed je m\u016f\u017eeme pot\u00edrat ovocnou \u0161\u0165\u00e1vou sm\u00edchanou s mou\u010dkov\u00fdm cukrem, na madlenk\u00e1ch se tak vytvo\u0159\u00ed jemn\u00e1 sko\u0159\u00e1pka a ta je ochr\u00e1n\u00ed p\u0159ed vysych\u00e1n\u00edm.<\/p>\n<p><a href=\"http:\/\/novalimglutenfree.com\/wp-content\/uploads\/2016\/08\/P8113488.jpg\"><img loading=\"lazy\" class=\"alignnone wp-image-6295 size-medium\" src=\"http:\/\/novalimglutenfree.com\/wp-content\/uploads\/2016\/08\/P8113488-300x200.jpg\" alt=\"\" width=\"300\" height=\"200\" \/><\/a><\/p>\n","protected":false},"excerpt":{"rendered":"<p>Zn\u00e1te mil\u00e9 kol\u00e1\u010dky s mil\u00fdm jm\u00e9nem madlenky? D\u00e1me v\u00e1m n\u00e1vod jak si up\u00e9ct bezlepkov\u00e9 madlenky. Pokud m\u00e1te d\u00edt\u011b s celiaki\u00ed, mus\u00edte v\u017edy myslet nap\u0159ed. D\u011bti maj\u00ed r\u00e1di pamlsky, o to l\u00e9pe, pokud je um\u00edme doma sami nap\u00e9ct. Tehdy v\u00edme, co do nich d\u00e1me a jsou jako \u010derstv\u00e9. Pokud se chyst\u00e1te p\u00e9ct, m\u00e1me pro v\u00e1s tip [&hellip;]<\/p>\n","protected":false},"author":923,"featured_media":7174,"comment_status":"closed","ping_status":"closed","sticky":false,"template":"","format":"standard","meta":[],"categories":[208,207],"tags":[],"yoast_head":"<!-- This site is optimized with the Yoast SEO plugin v15.7 - https:\/\/yoast.com\/wordpress\/plugins\/seo\/ -->\n<title>Bezlepkov\u00e9 madlenky - Novalim<\/title>\n<meta name=\"description\" content=\"Zn\u00e1te mil\u00e9 kol\u00e1\u010dky s mil\u00fdm jm\u00e9nem madlenky? D\u00e1me v\u00e1m n\u00e1vod jak si up\u00e9ct bezlepkov\u00e9 madlenky. Pokud m\u00e1te d\u00edt\u011b s celiaki\u00ed, mus\u00edte v\u017edy myslet nap\u0159ed.\" \/>\n<meta name=\"robots\" content=\"index, follow, max-snippet:-1, max-image-preview:large, max-video-preview:-1\" \/>\n<link rel=\"canonical\" href=\"https:\/\/www.novalimglutenfree.com\/cs\/bezlepkove-madlenky\/\" \/>\n<meta property=\"og:locale\" content=\"cs_CZ\" \/>\n<meta property=\"og:type\" content=\"article\" \/>\n<meta property=\"og:title\" content=\"Bezlepkov\u00e9 madlenky - Novalim\" \/>\n<meta property=\"og:description\" content=\"Zn\u00e1te mil\u00e9 kol\u00e1\u010dky s mil\u00fdm jm\u00e9nem madlenky? D\u00e1me v\u00e1m n\u00e1vod jak si up\u00e9ct bezlepkov\u00e9 madlenky. Pokud m\u00e1te d\u00edt\u011b s celiaki\u00ed, mus\u00edte v\u017edy myslet nap\u0159ed.\" \/>\n<meta property=\"og:url\" content=\"https:\/\/www.novalimglutenfree.com\/cs\/bezlepkove-madlenky\/\" \/>\n<meta property=\"og:site_name\" content=\"Novalim\" \/>\n<meta property=\"article:published_time\" content=\"2016-08-11T19:32:15+00:00\" \/>\n<meta property=\"article:modified_time\" content=\"2017-05-29T17:58:25+00:00\" \/>\n<meta property=\"og:image\" content=\"https:\/\/www.novalimglutenfree.com\/wp-content\/uploads\/2016\/08\/P8113472.jpg\" \/>\n\t<meta property=\"og:image:width\" content=\"1920\" \/>\n\t<meta property=\"og:image:height\" content=\"1280\" \/>\n<meta name=\"twitter:card\" content=\"summary\" \/>\n<meta name=\"twitter:label1\" content=\"Odhadovan\u00e1 doba \u010dten\u00ed\">\n\t<meta name=\"twitter:data1\" content=\"2 minuty\">\n<script type=\"application\/ld+json\" class=\"yoast-schema-graph\">{\"@context\":\"https:\/\/schema.org\",\"@graph\":[{\"@type\":\"WebSite\",\"@id\":\"https:\/\/www.novalimglutenfree.com\/de\/#website\",\"url\":\"https:\/\/www.novalimglutenfree.com\/de\/\",\"name\":\"Novalim\",\"description\":\"Bezlepkov\\u00e9 potraviny, bezlepkov\\u00e9 recepty, celiakia, PKU\",\"potentialAction\":[{\"@type\":\"SearchAction\",\"target\":\"https:\/\/www.novalimglutenfree.com\/de\/?s={search_term_string}\",\"query-input\":\"required name=search_term_string\"}],\"inLanguage\":\"cs\"},{\"@type\":\"ImageObject\",\"@id\":\"https:\/\/www.novalimglutenfree.com\/cs\/bezlepkove-madlenky\/#primaryimage\",\"inLanguage\":\"cs\",\"url\":\"https:\/\/www.novalimglutenfree.com\/wp-content\/uploads\/2016\/08\/P8113472.jpg\",\"width\":1920,\"height\":1280,\"caption\":\"Bezlepkov\\u00e9 madlenky\"},{\"@type\":\"WebPage\",\"@id\":\"https:\/\/www.novalimglutenfree.com\/cs\/bezlepkove-madlenky\/#webpage\",\"url\":\"https:\/\/www.novalimglutenfree.com\/cs\/bezlepkove-madlenky\/\",\"name\":\"Bezlepkov\\u00e9 madlenky - Novalim\",\"isPartOf\":{\"@id\":\"https:\/\/www.novalimglutenfree.com\/de\/#website\"},\"primaryImageOfPage\":{\"@id\":\"https:\/\/www.novalimglutenfree.com\/cs\/bezlepkove-madlenky\/#primaryimage\"},\"datePublished\":\"2016-08-11T19:32:15+00:00\",\"dateModified\":\"2017-05-29T17:58:25+00:00\",\"author\":{\"@id\":\"https:\/\/www.novalimglutenfree.com\/de\/#\/schema\/person\/ed75de4c3b31e9d4367b674899e669c8\"},\"description\":\"Zn\\u00e1te mil\\u00e9 kol\\u00e1\\u010dky s mil\\u00fdm jm\\u00e9nem madlenky? D\\u00e1me v\\u00e1m n\\u00e1vod jak si up\\u00e9ct bezlepkov\\u00e9 madlenky. Pokud m\\u00e1te d\\u00edt\\u011b s celiaki\\u00ed, mus\\u00edte v\\u017edy myslet nap\\u0159ed.\",\"inLanguage\":\"cs\",\"potentialAction\":[{\"@type\":\"ReadAction\",\"target\":[\"https:\/\/www.novalimglutenfree.com\/cs\/bezlepkove-madlenky\/\"]}]},{\"@type\":\"Person\",\"@id\":\"https:\/\/www.novalimglutenfree.com\/de\/#\/schema\/person\/ed75de4c3b31e9d4367b674899e669c8\",\"name\":\"Michaela\",\"description\":\"Michaela sa u\\u017e nieko\\u013eko rokov venuje blogovaniu o jedle a pe\\u010den\\u00ed, je hobby cukr\\u00e1rka a v\\u00fdvoj\\u00e1rka receptov. Ak s\\u00fa t\\u00e9my, ktor\\u00e9 v\\u00e1s obzvl\\u00e1\\u0161\\u0165 zauj\\u00edmaj\\u00fa, alebo sa potrebujete poradi\\u0165 o bezlepkovom pe\\u010den\\u00ed a varen\\u00ed alebo o na\\u0161ich produktoch, nev\\u00e1hajte n\\u00e1s kontaktova\\u0165 na na\\u0161om facebookovom profile.\"}]}<\/script>\n<!-- \/ Yoast SEO plugin. -->","_links":{"self":[{"href":"https:\/\/www.novalimglutenfree.com\/cs\/wp-json\/wp\/v2\/posts\/7173"}],"collection":[{"href":"https:\/\/www.novalimglutenfree.com\/cs\/wp-json\/wp\/v2\/posts"}],"about":[{"href":"https:\/\/www.novalimglutenfree.com\/cs\/wp-json\/wp\/v2\/types\/post"}],"author":[{"embeddable":true,"href":"https:\/\/www.novalimglutenfree.com\/cs\/wp-json\/wp\/v2\/users\/923"}],"replies":[{"embeddable":true,"href":"https:\/\/www.novalimglutenfree.com\/cs\/wp-json\/wp\/v2\/comments?post=7173"}],"version-history":[{"count":2,"href":"https:\/\/www.novalimglutenfree.com\/cs\/wp-json\/wp\/v2\/posts\/7173\/revisions"}],"predecessor-version":[{"id":7176,"href":"https:\/\/www.novalimglutenfree.com\/cs\/wp-json\/wp\/v2\/posts\/7173\/revisions\/7176"}],"wp:featuredmedia":[{"embeddable":true,"href":"https:\/\/www.novalimglutenfree.com\/cs\/wp-json\/wp\/v2\/media\/7174"}],"wp:attachment":[{"href":"https:\/\/www.novalimglutenfree.com\/cs\/wp-json\/wp\/v2\/media?parent=7173"}],"wp:term":[{"taxonomy":"category","embeddable":true,"href":"https:\/\/www.novalimglutenfree.com\/cs\/wp-json\/wp\/v2\/categories?post=7173"},{"taxonomy":"post_tag","embeddable":true,"href":"https:\/\/www.novalimglutenfree.com\/cs\/wp-json\/wp\/v2\/tags?post=7173"}],"curies":[{"name":"wp","href":"https:\/\/api.w.org\/{rel}","templated":true}]}}