{"id":6952,"date":"2016-12-07T22:40:47","date_gmt":"2016-12-07T20:40:47","guid":{"rendered":"http:\/\/novalimglutenfree.com\/cokoladove-kosicky-bez-lepku\/"},"modified":"2017-05-29T15:36:45","modified_gmt":"2017-05-29T13:36:45","slug":"cokoladovo-karamelove-kosiky-bez-lepku","status":"publish","type":"post","link":"https:\/\/www.novalimglutenfree.com\/cs\/cokoladovo-karamelove-kosiky-bez-lepku\/","title":{"rendered":"\u010cokol\u00e1dovo karamelov\u00e9 ko\u0161\u00edky bez lepku"},"content":{"rendered":"<p>Zpest\u0159ete si leto\u0161n\u00ed V\u00e1noce fajnov\u00fdmi kol\u00e1\u010dky, hodn\u00fdmi cukr\u00e1\u0159sk\u00fdch mistr\u016f. Nebojte se, nic slo\u017eit\u00e9ho, jen zaj\u00edmav\u00e9 kombinace chut\u00ed a oku lahod\u00edc\u00ed v\u00fdsledky.<\/p>\n<p><strong>Pot\u0159ebujeme:<\/strong><\/p>\n<p><strong>Na t\u011bsto:<\/strong><br \/>\n115 g zm\u011bkl\u00e9ho m\u00e1sla nebo rostlinn\u00e9ho tuku<br \/>\n100 g mou\u010dkov\u00e9ho cukru<br \/>\n1 vejce<br \/>\n\u0160petku soli<br \/>\n1 vanilku<br \/>\n110 g bezlepkov\u00e9 <a href=\"http:\/\/czshop.novalim.net\/obchod\/mouky\/bezlepkove-moucne-smesi-promix\/promix-uni-univerzalna-bezlepkova-muka\/\">mouky Promix UNI<\/a><br \/>\n35 g r\u00fd\u017eov\u00e9 mouky Novalim<br \/>\n50 g kakaa<\/p>\n<p><strong>Na n\u00e1pl\u0148:<\/strong><br \/>\n1 karamelov\u00e9 Salko<br \/>\n100 g kvalitn\u00ed ho\u0159k\u00e9 \u010dokol\u00e1dy<br \/>\n70 ml \u0161leha\u010dky<\/p>\n<p><strong>Postup:<\/strong><br \/>\nV m\u00edse spole\u010dn\u011b ut\u0159eme mou\u010dkov\u00fd cukr a m\u00e1slo. Kdy\u017e se p\u011bkn\u011b vym\u00edchaj\u00ed do hladka, p\u0159id\u00e1me \u017eloutky, \u0161petku soli a vanilku. Pak p\u0159isypeme pros\u00e1tou bezlepkovou mouku <a href=\"http:\/\/czshop.novalim.net\/obchod\/mouky\/bezlepkove-moucne-smesi-promix\/promix-uni-univerzalna-bezlepkova-muka\/\">Promix UNI <\/a>s kakaov\u00fdm pr\u00e1\u0161kem a v\u0161echno dob\u0159e prom\u00edch\u00e1me l\u017eic\u00ed. Vznikne n\u00e1m trochu lepkav\u00e1 tu\u017e\u0161\u00ed sm\u011bs.<br \/>\nFormu na mini muffiny vyt\u0159eme m\u00e1slem (sta\u010d\u00ed jen tro\u0161ku) a do ka\u017ed\u00e9 formi\u010dky d\u00e1me vrchovatou l\u017ei\u010dku t\u011bsta. Navlh\u010den\u00fdma rukama t\u011bsto natiskneme do formi\u010dky na dno a po okraj\u00edch a\u017e po vrch, aby n\u00e1m vznikly mal\u00e9 kal\u00ed\u0161ky.<\/p>\n<p>I s plechem d\u00e1me na 20 min do mrazni\u010dky.<\/p>\n<p>Vyjmeme z mrazni\u010dky a pe\u010deme v rozeh\u0159\u00e1t\u00e9 troub\u011b 8-10 minut na 180 stupn\u00edch. Po dope\u010den\u00ed nech\u00e1me vychladnout v plechu. Je\u0161t\u011b tepl\u00e9 je v\u0161ak trochu stla\u010d\u00edme, abychom m\u011bli m\u00edsto na budouc\u00ed n\u00e1pln\u011b (nap\u0159\u00edklad hrub\u0161\u00ed va\u0159e\u010dkou), proto\u017ee b\u011bhem pe\u010den\u00ed se trochu nafouknou.<\/p>\n<p>Do vychladl\u00fdch kal\u00ed\u0161k\u016f d\u00e1me karamelov\u00e9 Salko tak, abychom je nenaplnili a\u017e po okraj, ale nechali m\u00edsto na \u201e\u010dokol\u00e1dov\u00fd klobou\u010dek\u201c.<\/p>\n<p>Na karamel pak nalijeme \u010dokol\u00e1dovou ganache, kterou si p\u0159iprav\u00edme tak, \u017ee nech\u00e1me v\u0159\u00edt \u0161leha\u010dku a zalijeme n\u00ed na kousky nal\u00e1manou ho\u0159kou \u010dokol\u00e1du. M\u00edch\u00e1me, dokud se \u010dokol\u00e1da nerozpust\u00ed a nech\u00e1me trochu vychladnout. Chladnut\u00edm bude \u010dokol\u00e1dov\u00e1 ganache tuhnout.<\/p>\n<p>Hotov\u00e9 ko\u0161\u00ed\u010dky uskladn\u00edme v ledni\u010dce a fajn\u0161mek\u0159i si je mohou dozdobit krystalickou sol\u00ed, kter\u00e1 zv\u00fdrazn\u00ed chu\u0165 karamelu a \u010dokol\u00e1dy.<\/p>\n","protected":false},"excerpt":{"rendered":"<p>Zpest\u0159ete si leto\u0161n\u00ed V\u00e1noce fajnov\u00fdmi kol\u00e1\u010dky, hodn\u00fdmi cukr\u00e1\u0159sk\u00fdch mistr\u016f. Nebojte se, nic slo\u017eit\u00e9ho, jen zaj\u00edmav\u00e9 kombinace chut\u00ed a oku lahod\u00edc\u00ed v\u00fdsledky. Pot\u0159ebujeme: Na t\u011bsto: 115 g zm\u011bkl\u00e9ho m\u00e1sla nebo rostlinn\u00e9ho tuku 100 g mou\u010dkov\u00e9ho cukru 1 vejce \u0160petku soli 1 vanilku 110 g bezlepkov\u00e9 mouky Promix UNI 35 g r\u00fd\u017eov\u00e9 mouky Novalim 50 g kakaa [&hellip;]<\/p>\n","protected":false},"author":923,"featured_media":6953,"comment_status":"open","ping_status":"open","sticky":false,"template":"","format":"standard","meta":[],"categories":[208,207],"tags":[],"yoast_head":"<!-- This site is optimized with the Yoast SEO plugin v15.7 - https:\/\/yoast.com\/wordpress\/plugins\/seo\/ -->\n<title>\u010cokol\u00e1dovo karamelov\u00e9 ko\u0161\u00edky bez lepku - Novalim<\/title>\n<meta name=\"description\" content=\"Zpest\u0159ete si leto\u0161n\u00ed V\u00e1noce fajnov\u00fdmi kol\u00e1\u010dky, hodn\u00fdmi cukr\u00e1\u0159sk\u00fdch mistr\u016f. Nebojte se, nic slo\u017eit\u00e9ho, jen zaj\u00edmav\u00e9 kombinace chut\u00ed a oku lahod\u00edc\u00ed v\u00fdsledky.\" \/>\n<meta name=\"robots\" content=\"index, follow, max-snippet:-1, max-image-preview:large, max-video-preview:-1\" \/>\n<link rel=\"canonical\" href=\"https:\/\/novalimglutenfree.com\/cs\/cokoladovo-karamelove-kosiky-bez-lepku\/\" \/>\n<meta property=\"og:locale\" content=\"cs_CZ\" \/>\n<meta property=\"og:type\" content=\"article\" \/>\n<meta property=\"og:title\" content=\"\u010cokol\u00e1dovo karamelov\u00e9 ko\u0161\u00edky bez lepku - Novalim\" \/>\n<meta property=\"og:description\" content=\"Zpest\u0159ete si leto\u0161n\u00ed V\u00e1noce fajnov\u00fdmi kol\u00e1\u010dky, hodn\u00fdmi cukr\u00e1\u0159sk\u00fdch mistr\u016f. Nebojte se, nic slo\u017eit\u00e9ho, jen zaj\u00edmav\u00e9 kombinace chut\u00ed a oku lahod\u00edc\u00ed v\u00fdsledky.\" \/>\n<meta property=\"og:url\" content=\"https:\/\/novalimglutenfree.com\/cs\/cokoladovo-karamelove-kosiky-bez-lepku\/\" \/>\n<meta property=\"og:site_name\" content=\"Novalim\" \/>\n<meta property=\"article:published_time\" content=\"2016-12-07T20:40:47+00:00\" \/>\n<meta property=\"article:modified_time\" content=\"2017-05-29T13:36:45+00:00\" \/>\n<meta property=\"og:image\" content=\"https:\/\/www.novalimglutenfree.com\/wp-content\/uploads\/2016\/12\/P8033160.jpg\" \/>\n\t<meta property=\"og:image:width\" content=\"1920\" \/>\n\t<meta property=\"og:image:height\" content=\"1440\" \/>\n<meta name=\"twitter:card\" content=\"summary\" \/>\n<meta name=\"twitter:label1\" content=\"Odhadovan\u00e1 doba \u010dten\u00ed\">\n\t<meta name=\"twitter:data1\" content=\"2 minuty\">\n<script type=\"application\/ld+json\" class=\"yoast-schema-graph\">{\"@context\":\"https:\/\/schema.org\",\"@graph\":[{\"@type\":\"WebSite\",\"@id\":\"https:\/\/www.novalimglutenfree.com\/de\/#website\",\"url\":\"https:\/\/www.novalimglutenfree.com\/de\/\",\"name\":\"Novalim\",\"description\":\"Bezlepkov\\u00e9 potraviny, bezlepkov\\u00e9 recepty, celiakia, PKU\",\"potentialAction\":[{\"@type\":\"SearchAction\",\"target\":\"https:\/\/www.novalimglutenfree.com\/de\/?s={search_term_string}\",\"query-input\":\"required name=search_term_string\"}],\"inLanguage\":\"cs\"},{\"@type\":\"ImageObject\",\"@id\":\"https:\/\/novalimglutenfree.com\/cs\/cokoladovo-karamelove-kosiky-bez-lepku\/#primaryimage\",\"inLanguage\":\"cs\",\"url\":\"https:\/\/www.novalimglutenfree.com\/wp-content\/uploads\/2016\/12\/P8033160.jpg\",\"width\":1920,\"height\":1440,\"caption\":\"\\u010cokol\\u00e1dovo karamelov\\u00e9 ko\\u0161\\u00ed\\u010dky bez lepku\"},{\"@type\":\"WebPage\",\"@id\":\"https:\/\/novalimglutenfree.com\/cs\/cokoladovo-karamelove-kosiky-bez-lepku\/#webpage\",\"url\":\"https:\/\/novalimglutenfree.com\/cs\/cokoladovo-karamelove-kosiky-bez-lepku\/\",\"name\":\"\\u010cokol\\u00e1dovo karamelov\\u00e9 ko\\u0161\\u00edky bez lepku - Novalim\",\"isPartOf\":{\"@id\":\"https:\/\/www.novalimglutenfree.com\/de\/#website\"},\"primaryImageOfPage\":{\"@id\":\"https:\/\/novalimglutenfree.com\/cs\/cokoladovo-karamelove-kosiky-bez-lepku\/#primaryimage\"},\"datePublished\":\"2016-12-07T20:40:47+00:00\",\"dateModified\":\"2017-05-29T13:36:45+00:00\",\"author\":{\"@id\":\"https:\/\/www.novalimglutenfree.com\/de\/#\/schema\/person\/ed75de4c3b31e9d4367b674899e669c8\"},\"description\":\"Zpest\\u0159ete si leto\\u0161n\\u00ed V\\u00e1noce fajnov\\u00fdmi kol\\u00e1\\u010dky, hodn\\u00fdmi cukr\\u00e1\\u0159sk\\u00fdch mistr\\u016f. Nebojte se, nic slo\\u017eit\\u00e9ho, jen zaj\\u00edmav\\u00e9 kombinace chut\\u00ed a oku lahod\\u00edc\\u00ed v\\u00fdsledky.\",\"inLanguage\":\"cs\",\"potentialAction\":[{\"@type\":\"ReadAction\",\"target\":[\"https:\/\/novalimglutenfree.com\/cs\/cokoladovo-karamelove-kosiky-bez-lepku\/\"]}]},{\"@type\":\"Person\",\"@id\":\"https:\/\/www.novalimglutenfree.com\/de\/#\/schema\/person\/ed75de4c3b31e9d4367b674899e669c8\",\"name\":\"Michaela\",\"description\":\"Michaela sa u\\u017e nieko\\u013eko rokov venuje blogovaniu o jedle a pe\\u010den\\u00ed, je hobby cukr\\u00e1rka a v\\u00fdvoj\\u00e1rka receptov. Ak s\\u00fa t\\u00e9my, ktor\\u00e9 v\\u00e1s obzvl\\u00e1\\u0161\\u0165 zauj\\u00edmaj\\u00fa, alebo sa potrebujete poradi\\u0165 o bezlepkovom pe\\u010den\\u00ed a varen\\u00ed alebo o na\\u0161ich produktoch, nev\\u00e1hajte n\\u00e1s kontaktova\\u0165 na na\\u0161om facebookovom profile.\"}]}<\/script>\n<!-- \/ Yoast SEO plugin. -->","_links":{"self":[{"href":"https:\/\/www.novalimglutenfree.com\/cs\/wp-json\/wp\/v2\/posts\/6952"}],"collection":[{"href":"https:\/\/www.novalimglutenfree.com\/cs\/wp-json\/wp\/v2\/posts"}],"about":[{"href":"https:\/\/www.novalimglutenfree.com\/cs\/wp-json\/wp\/v2\/types\/post"}],"author":[{"embeddable":true,"href":"https:\/\/www.novalimglutenfree.com\/cs\/wp-json\/wp\/v2\/users\/923"}],"replies":[{"embeddable":true,"href":"https:\/\/www.novalimglutenfree.com\/cs\/wp-json\/wp\/v2\/comments?post=6952"}],"version-history":[{"count":1,"href":"https:\/\/www.novalimglutenfree.com\/cs\/wp-json\/wp\/v2\/posts\/6952\/revisions"}],"predecessor-version":[{"id":7022,"href":"https:\/\/www.novalimglutenfree.com\/cs\/wp-json\/wp\/v2\/posts\/6952\/revisions\/7022"}],"wp:featuredmedia":[{"embeddable":true,"href":"https:\/\/www.novalimglutenfree.com\/cs\/wp-json\/wp\/v2\/media\/6953"}],"wp:attachment":[{"href":"https:\/\/www.novalimglutenfree.com\/cs\/wp-json\/wp\/v2\/media?parent=6952"}],"wp:term":[{"taxonomy":"category","embeddable":true,"href":"https:\/\/www.novalimglutenfree.com\/cs\/wp-json\/wp\/v2\/categories?post=6952"},{"taxonomy":"post_tag","embeddable":true,"href":"https:\/\/www.novalimglutenfree.com\/cs\/wp-json\/wp\/v2\/tags?post=6952"}],"curies":[{"name":"wp","href":"https:\/\/api.w.org\/{rel}","templated":true}]}}